{"id":1932,"date":"2015-03-04T00:40:06","date_gmt":"2015-03-03T22:40:06","guid":{"rendered":"http:\/\/sc-buervenich.de\/?p=1932"},"modified":"2015-07-14T11:21:28","modified_gmt":"2015-07-14T09:21:28","slug":"aktuelles-2014","status":"publish","type":"post","link":"http:\/\/sc-buervenich.de\/?p=1932","title":{"rendered":"Saison 13\/14"},"content":{"rendered":"<h1 class=\"entry-title\">Aktuelles<\/h1>\n<div class=\"entry-content\">\n<p><em>Hinweis:<br \/>\nUnter der Rubrik \u201cMannschaften\u201d wurden Erg\u00e4nzungen bei den Jugendmannschaften vorgenommen!<br \/>\n<\/em><\/p>\n<p><em>Unter der Rubirk \u201cSpielberichte\u201d werden jetzt auch Spielberichte der E-Jugend ver\u00f6ffentlicht!<\/em><\/p>\n<p><em>Unter der Rubirk \u201cGeschichte \/ R\u00fcckblick \/ Jugend \/ -Bildergalerie \u201d werden jetzt auch Bilder von der Jugend ver\u00f6ffentlicht!<br \/>\n<\/em><\/p>\n<p><strong>Saison 2014\/2015:\u00a0<\/strong><\/p>\n<p>Karl Hamann hat seine Trainerlaufbahn zum Ende der Saison 13\/14 beendet. In seiner zweiten Amtszeit war er 5 Jahre f\u00fcr die SG t\u00e4tig.<br \/>\nAls Nachfolger wurde in Dietmar Klein der ehemalige Trainer der Damenmannschaft des ETSC verpflichtet.<\/p>\n<p>Der Kader beider Mannschaften blieb trotz des verpassten Aufstiegs der 1. Mannschaft fast vollst\u00e4ndig zusammen. Lediglich Tobias Linnartz meldete sich ab, Marcel Mierzwiak, der berufsbedingt und durch die Geburt seines Kindes schon in der R\u00fcckrunde nicht mehr zir Verf\u00fcgung stand, wechselt zu einem Verein in Wohnortn\u00e4he (K\u00f6ln) und Joscha Vey wird durch seinen Berufsstart bei der Bundeswehr nur noch auf Abruf zur Verf\u00fcgung stehen.<\/p>\n<p><strong>Abg\u00e4nge:<br \/>\nTobias Linnartz (SC Sievernich)<br \/>\nMarkus R\u00e4tz (TuS Olympia \u00dclpenich II)<br \/>\nMarcel Mierzwiak<\/strong><\/p>\n<p>Zug\u00e4nge:<br \/>\nMarkus Vey (A-Jugend TuS Chlodwig Z\u00fclpich)<br \/>\nJan Neitzke (A-Jugend SSC Satzvey)<br \/>\nDaniel Ganz (TSV Feytal)<br \/>\nDavid Klein (SV SW Stotzheim)<br \/>\nTobias Cremer (SV SW Stotzheim II)<br \/>\nPhilipp Franzen (ehemalige A-Jugend SSC Schwerfen)<br \/>\nSascha Lambertz<br \/>\nDennis Polaczek<br \/>\nAndre Hollstein<br \/>\nPatrick Mundt<\/p>\n<p>Unter der Rubrik \u201cGeschichte \/ R\u00fcckblicke \/ Erste Mannschaft\u201d findet ihr jetzt einen R\u00fcckblick beider Mannschaften der Saison 2013\/2014!<\/p>\n<p>&nbsp;<\/p>\n<\/div>\n","protected":false},"excerpt":{"rendered":"<p>Aktuelles Hinweis: Unter der Rubrik \u201cMannschaften\u201d wurden Erg\u00e4nzungen bei den Jugendmannschaften vorgenommen! Unter der Rubirk \u201cSpielberichte\u201d werden jetzt auch Spielberichte der E-Jugend ver\u00f6ffentlicht! Unter der Rubirk \u201cGeschichte \/ R\u00fcckblick \/ &#8230;<\/p>\n","protected":false},"author":1,"featured_media":0,"comment_status":"open","ping_status":"open","sticky":false,"template":"","format":"standard","meta":{"footnotes":""},"categories":[1],"tags":[],"class_list":["post-1932","post","type-post","status-publish","format-standard","hentry","category-allgemein"],"_links":{"self":[{"href":"http:\/\/sc-buervenich.de\/index.php?rest_route=\/wp\/v2\/posts\/1932","targetHints":{"allow":["GET"]}}],"collection":[{"href":"http:\/\/sc-buervenich.de\/index.php?rest_route=\/wp\/v2\/posts"}],"about":[{"href":"http:\/\/sc-buervenich.de\/index.php?rest_route=\/wp\/v2\/types\/post"}],"author":[{"embeddable":true,"href":"http:\/\/sc-buervenich.de\/index.php?rest_route=\/wp\/v2\/users\/1"}],"replies":[{"embeddable":true,"href":"http:\/\/sc-buervenich.de\/index.php?rest_route=%2Fwp%2Fv2%2Fcomments&post=1932"}],"version-history":[{"count":5,"href":"http:\/\/sc-buervenich.de\/index.php?rest_route=\/wp\/v2\/posts\/1932\/revisions"}],"predecessor-version":[{"id":2083,"href":"http:\/\/sc-buervenich.de\/index.php?rest_route=\/wp\/v2\/posts\/1932\/revisions\/2083"}],"wp:attachment":[{"href":"http:\/\/sc-buervenich.de\/index.php?rest_route=%2Fwp%2Fv2%2Fmedia&parent=1932"}],"wp:term":[{"taxonomy":"category","embeddable":true,"href":"http:\/\/sc-buervenich.de\/index.php?rest_route=%2Fwp%2Fv2%2Fcategories&post=1932"},{"taxonomy":"post_tag","embeddable":true,"href":"http:\/\/sc-buervenich.de\/index.php?rest_route=%2Fwp%2Fv2%2Ftags&post=1932"}],"curies":[{"name":"wp","href":"https:\/\/api.w.org\/{rel}","templated":true}]}}